{"id":1019,"date":"2022-03-29T14:39:10","date_gmt":"2022-03-29T14:39:10","guid":{"rendered":"https:\/\/homolog.investbelohorizonte.com.br\/?p=1019"},"modified":"2022-03-29T14:39:10","modified_gmt":"2022-03-29T14:39:10","slug":"tiquete-medio-da-black-friday-na-capital-sera-de-r-26172%ef%bf%bc","status":"publish","type":"post","link":"https:\/\/investbelohorizonte.com.br\/en\/tiquete-medio-da-black-friday-na-capital-sera-de-r-26172%ef%bf%bc\/","title":{"rendered":"T\u00edquete m\u00e9dio da Black Friday na capital ser\u00e1 de R$ 261,72\ufffc"},"content":{"rendered":"<p><em>Pesquisa da CDL\/BH aponta ainda que consumidores devem comprar,&nbsp;<\/em><\/p>\n\n\n\n<p><em>em m\u00e9dia, dois produtos. Roupas lideram a inten\u00e7\u00e3o de vendas<\/em><\/p>\n\n\n\n<p><strong>Belo Horizonte, 3 de novembro de 2021 \u2013<\/strong> O t\u00edquete m\u00e9dio de compras da Black Friday na capital deve ser de R$ 261,72. A expectativa \u00e9 que cada consumidor compre dois produtos, totalizando R$ 523,52. Os dados fazem parte da pesquisa \u2018Inten\u00e7\u00e3o de Vendas \u2013 Black Friday\u2019, realizada pela C\u00e2mara de Dirigentes Lojistas de Belo Horizonte (CDL\/BH) entre os dias 18 e 25 de outubro com 298 comerciantes da capital.<\/p>\n\n\n\n<p>Com a ades\u00e3o, at\u00e9 o momento, de 71,1% dos comerciantes da capital, 68,2% acreditam que a Black Friday deste ano ser\u00e1 melhor que a \u00faltima. Para isso, os lojistas est\u00e3o investindo em descontos atrativos (69,3%), divulga\u00e7\u00e3o dos produtos (58,5%), promo\u00e7\u00f5es (47,2%), facilidade de pagamento (25,5%) e redes sociais (8,5%).<\/p>\n\n\n\n<p>\u201cO crescimento da expectativa de vendas \u00e9 um reflexo da retomada da economia que, felizmente, j\u00e1 vem ensaiando um crescimento ao longo dos \u00faltimos meses. Al\u00e9m de fatores como avan\u00e7o da vacina\u00e7\u00e3o, teremos tamb\u00e9m o pagamento antecipado do 13\u00ba sal\u00e1rio do funcionalismo p\u00fablico municipal e do pagamento em dia do estadual. Isso significa mais de R$ 1 bilh\u00e3o injetado na economia. Para a Black Friday, estima-se que as vendas v\u00e3o movimentar mais de R$ 2 bilh\u00f5es\u201d, afirma o presidente da CDL\/BH, Marcelo de Souza e Silva.<\/p>\n\n\n\n<p>Em rela\u00e7\u00e3o \u00e0 prepara\u00e7\u00e3o do estoque para a data, 61,1% afirmam que ser\u00e1 igual ou maior ao do ano passado. Somente 7,2% dizem que ser\u00e1 menor. \u201cOs lojistas sabem que muitos consumidores aproveitam a data para antecipar as compras de Natal. Al\u00e9m disso, notamos que o com\u00e9rcio de rua vem retomando sua for\u00e7a, isso ficou comprovado com o Dia das Crian\u00e7as, onde as lojas f\u00edsicas foram a escolha de 90% do p\u00fablico. Isso \u00e9 mais um motivador para pensar no estoque com mais aten\u00e7\u00e3o\u201d, analisa Souza e Silva.<\/p>\n\n\n\n<p><strong>Roupas em primeiro lugar<\/strong><\/p>\n\n\n\n<p>As roupas dever\u00e3o ser os produtos com maior sa\u00edda, 41,5%. Em seguida est\u00e3o os eletr\u00f4nicos, eletrodom\u00e9sticos e objetos para casa, com 13,7%. Em terceiro lugar est\u00e3o os cal\u00e7ados, 9,4%. Cosm\u00e9ticos est\u00e3o na quarta op\u00e7\u00e3o (9%), acess\u00f3rios em seguida, com 6,1%. E, por fim, m\u00f3veis com 4,2%.<\/p>\n\n\n\n<p>Os eletr\u00f4nicos e eletrodom\u00e9sticos lideram o ranking de maior t\u00edquete m\u00e9dio: R$ 561,11. Em seguida aparece vestu\u00e1rio (R$ 227,61), cal\u00e7ados (R$ 163,75) e cosm\u00e9ticos (R$ 90).<\/p>\n\n\n\n<p>Na vis\u00e3o dos lojistas entrevistados, a maioria dos consumidores (52,8%) ir\u00e1 optar pelo pagamento a prazo e escolher, em m\u00e9dia, at\u00e9 cinco parcelas. O pagamento \u00e0 vista no cart\u00e3o de cr\u00e9dito dever\u00e1 ser a escolha de 29,2%. J\u00e1 o pagamento \u00e0 vista (transfer\u00eancias, d\u00e9bito e dinheiro em esp\u00e9cie) representa 17,4%. \u201cVale lembrar que os consumidores aproveitam a data para adquirir produtos de maior valor agregado. Algo que, em datas comuns, n\u00e3o seria de f\u00e1cil aquisi\u00e7\u00e3o. Por isso, eles optam por pagamento parcelado, com presta\u00e7\u00f5es mais suaves\u201d, ressalta o dirigente.<\/p>\n\n\n\n<p><strong>Divulga\u00e7\u00e3o on-line<\/strong><\/p>\n\n\n\n<p>A pesquisa revelou ainda que os comerciantes v\u00e3o utilizar as m\u00eddias sociais como ferramenta de divulga\u00e7\u00e3o. Dentre todas as m\u00eddias dispon\u00edveis, o Instagram ser\u00e1 usado por 92% dos lojistas. Facebook ser\u00e1 a plataforma de 34,9%. Propaganda na televis\u00e3o representa 6,6%, WhatsApp (3,8%) e distribui\u00e7\u00e3o de panfletos (5,7%).<\/p>","protected":false},"excerpt":{"rendered":"<p>Pesquisa da CDL\/BH aponta ainda que consumidores devem comprar,&nbsp; em m\u00e9dia, dois produtos. Roupas lideram a inten\u00e7\u00e3o de vendas Belo Horizonte, 3 de novembro de 2021 \u2013 O t\u00edquete m\u00e9dio de compras da Black Friday na capital deve ser de R$ 261,72. A expectativa \u00e9 que cada consumidor compre dois produtos, totalizando R$ 523,52. Os [&hellip;]<\/p>","protected":false},"author":1,"featured_media":1003,"comment_status":"open","ping_status":"open","sticky":false,"template":"","format":"standard","meta":[],"categories":[7],"tags":[],"_links":{"self":[{"href":"https:\/\/investbelohorizonte.com.br\/en\/wp-json\/wp\/v2\/posts\/1019"}],"collection":[{"href":"https:\/\/investbelohorizonte.com.br\/en\/wp-json\/wp\/v2\/posts"}],"about":[{"href":"https:\/\/investbelohorizonte.com.br\/en\/wp-json\/wp\/v2\/types\/post"}],"author":[{"embeddable":true,"href":"https:\/\/investbelohorizonte.com.br\/en\/wp-json\/wp\/v2\/users\/1"}],"replies":[{"embeddable":true,"href":"https:\/\/investbelohorizonte.com.br\/en\/wp-json\/wp\/v2\/comments?post=1019"}],"version-history":[{"count":1,"href":"https:\/\/investbelohorizonte.com.br\/en\/wp-json\/wp\/v2\/posts\/1019\/revisions"}],"predecessor-version":[{"id":1020,"href":"https:\/\/investbelohorizonte.com.br\/en\/wp-json\/wp\/v2\/posts\/1019\/revisions\/1020"}],"wp:featuredmedia":[{"embeddable":true,"href":"https:\/\/investbelohorizonte.com.br\/en\/wp-json\/wp\/v2\/media\/1003"}],"wp:attachment":[{"href":"https:\/\/investbelohorizonte.com.br\/en\/wp-json\/wp\/v2\/media?parent=1019"}],"wp:term":[{"taxonomy":"category","embeddable":true,"href":"https:\/\/investbelohorizonte.com.br\/en\/wp-json\/wp\/v2\/categories?post=1019"},{"taxonomy":"post_tag","embeddable":true,"href":"https:\/\/investbelohorizonte.com.br\/en\/wp-json\/wp\/v2\/tags?post=1019"}],"curies":[{"name":"wp","href":"https:\/\/api.w.org\/{rel}","templated":true}]}}