{"id":1021,"date":"2022-03-29T14:39:41","date_gmt":"2022-03-29T14:39:41","guid":{"rendered":"https:\/\/homolog.investbelohorizonte.com.br\/?p=1021"},"modified":"2022-03-29T14:39:42","modified_gmt":"2022-03-29T14:39:42","slug":"60-das-contratacoes-temporarias-de-fim-de-ano-podem-ser-efetivadas%ef%bf%bc","status":"publish","type":"post","link":"https:\/\/investbelohorizonte.com.br\/en\/60-das-contratacoes-temporarias-de-fim-de-ano-podem-ser-efetivadas%ef%bf%bc\/","title":{"rendered":"60% das contrata\u00e7\u00f5es tempor\u00e1rias de fim de ano podem ser efetivadas\ufffc"},"content":{"rendered":"<p><em>Pesquisa da CDL\/BH revela ainda que maioria das vagas&nbsp;<\/em><\/p>\n\n\n\n<p><em>ser\u00e1 para o cargo de vendedor<\/em><\/p>\n\n\n\n<p><strong>Belo Horizonte, 14 de outubro de 2021 \u2013<\/strong><strong> <\/strong>As tradicionais vagas tempor\u00e1rias do varejo e servi\u00e7os, que s\u00e3o abertas no fim do ano para atender a demanda das datas comemorativas, s\u00e3o sempre uma oportunidade de renda e tamb\u00e9m de inser\u00e7\u00e3o no mercado de trabalho.<\/p>\n\n\n\n<p>Para este ano, em Belo Horizonte, a expectativa \u00e9 de que seis a cada dez contrata\u00e7\u00f5es sejam efetivadas. Os dados fazem parte da pesquisa \u201cContrata\u00e7\u00e3o tempor\u00e1ria\u201d, realizada pela C\u00e2mara de Dirigentes Lojistas de Belo Horizonte (CDL\/BH), entre os dias 26 de agosto e 15 de setembro, com 286 empres\u00e1rios da cidade. A possibilidade de efetiva\u00e7\u00e3o em Belo Horizonte est\u00e1 acima da m\u00e9dia nacional.<\/p>\n\n\n\n<p>Segundo levantamento da Confedera\u00e7\u00e3o Nacional de Dirigentes Lojistas (CNDL), aproximadamente quatro em cada dez empres\u00e1rios (38,7%) pretendem efetivar ao menos um dos funcion\u00e1rios tempor\u00e1rios.<\/p>\n\n\n\n<p>\u201cEssa possibilidade de efetiva\u00e7\u00e3o est\u00e1 diretamente ligada \u00e0 confian\u00e7a do varejo, que j\u00e1 se mostrou mais otimista com o segundo semestre. As datas comemorativas como Black Friday e Natal prometem aquecer as vendas e, consequentemente, aumentar a necessidade por m\u00e3o de obra. Fora esse per\u00edodo, o com\u00e9rcio vem retomando sua rotina, a flexibiliza\u00e7\u00e3o das atividades na cidade est\u00e3o proporcionando um aumento na gera\u00e7\u00e3o de empregos\u201d, avalia o presidente da CDL\/BH, Marcelo de Souza e Silva.<\/p>\n\n\n\n<p><strong>Vagas para vendedor<\/strong><\/p>\n\n\n\n<p>De acordo com a pesquisa, a expectativa \u00e9 que cargos para vendedor sejam os respons\u00e1veis por 83,3% das vagas tempor\u00e1rias na capital. Em seguida aparecem caixa, com 22%; Estoquista (16,7%); Atendente (11,1%) e repositor (5,6%).A expectativa \u00e9 que 17,1% dos lojistas da capital contratem para as datas comemorativas. Sendo que 70,4% dos entrevistados afirmam que ir\u00e3o contratar at\u00e9 dois funcion\u00e1rios tempor\u00e1rios.<\/p>\n\n\n\n<p>Este \u00edndice segue a m\u00e9dia nacional, que est\u00e1 60% para a contrata\u00e7\u00e3o da mesma quantidade de profissionais.<\/p>\n\n\n\n<p>Dentre as principais dificuldades apresentadas pelos empres\u00e1rios para contrata\u00e7\u00e3o est\u00e3o a falta de capacita\u00e7\u00e3o (16,7%) e falta de profissionalismo e responsabilidade (16,7%). A aus\u00eancia de m\u00e3o de obra qualificada tamb\u00e9m \u00e9 uma barreira para 8% dos lojistas do pa\u00eds, segundo a CNDL.<\/p>\n\n\n\n<p><strong>Perfil dos contratados<\/strong><\/p>\n\n\n\n<p>O levantamento da CNDL revelou que em rela\u00e7\u00e3o ao perfil dos funcion\u00e1rios j\u00e1 contratados ou que ainda ser\u00e3o contratados, as mulheres s\u00e3o preferidas (33,3%) em rela\u00e7\u00e3o aos homens (24,3%), embora a maioria (40,6%) afirme n\u00e3o se importar com o sexo dos funcion\u00e1rios. A maioria (58,7%) prefere jovens de 18 a 34 anos \u2013 sendo a faixa et\u00e1ria m\u00e9dia de 28 anos \u2013 e que tenham ao menos o n\u00edvel m\u00e9dio completo (56,3%).<\/p>\n\n\n\n<p>A expectativa m\u00e9dia de sal\u00e1rio \u00e9 de R$ 1.463 Quanto a jornada de trabalho, a maioria (66,1%) ofertar\u00e1 vagas de 6h a 8h di\u00e1rias.<\/p>\n\n\n\n<p>Embora uma parte do empresariado j\u00e1 tenha iniciado as contrata\u00e7\u00f5es em agosto (11%) e setembro (10%), os meses mais movimentados s\u00e3o outubro (25%) e novembro (25%). Os percentuais se referem aos empres\u00e1rios que pretendem ou j\u00e1 contrataram m\u00e3o de obra para o fim de ano.<\/p>","protected":false},"excerpt":{"rendered":"<p>Pesquisa da CDL\/BH revela ainda que maioria das vagas&nbsp; ser\u00e1 para o cargo de vendedor Belo Horizonte, 14 de outubro de 2021 \u2013 As tradicionais vagas tempor\u00e1rias do varejo e servi\u00e7os, que s\u00e3o abertas no fim do ano para atender a demanda das datas comemorativas, s\u00e3o sempre uma oportunidade de renda e tamb\u00e9m de inser\u00e7\u00e3o [&hellip;]<\/p>","protected":false},"author":1,"featured_media":1004,"comment_status":"open","ping_status":"open","sticky":false,"template":"","format":"standard","meta":[],"categories":[7],"tags":[],"_links":{"self":[{"href":"https:\/\/investbelohorizonte.com.br\/en\/wp-json\/wp\/v2\/posts\/1021"}],"collection":[{"href":"https:\/\/investbelohorizonte.com.br\/en\/wp-json\/wp\/v2\/posts"}],"about":[{"href":"https:\/\/investbelohorizonte.com.br\/en\/wp-json\/wp\/v2\/types\/post"}],"author":[{"embeddable":true,"href":"https:\/\/investbelohorizonte.com.br\/en\/wp-json\/wp\/v2\/users\/1"}],"replies":[{"embeddable":true,"href":"https:\/\/investbelohorizonte.com.br\/en\/wp-json\/wp\/v2\/comments?post=1021"}],"version-history":[{"count":1,"href":"https:\/\/investbelohorizonte.com.br\/en\/wp-json\/wp\/v2\/posts\/1021\/revisions"}],"predecessor-version":[{"id":1022,"href":"https:\/\/investbelohorizonte.com.br\/en\/wp-json\/wp\/v2\/posts\/1021\/revisions\/1022"}],"wp:featuredmedia":[{"embeddable":true,"href":"https:\/\/investbelohorizonte.com.br\/en\/wp-json\/wp\/v2\/media\/1004"}],"wp:attachment":[{"href":"https:\/\/investbelohorizonte.com.br\/en\/wp-json\/wp\/v2\/media?parent=1021"}],"wp:term":[{"taxonomy":"category","embeddable":true,"href":"https:\/\/investbelohorizonte.com.br\/en\/wp-json\/wp\/v2\/categories?post=1021"},{"taxonomy":"post_tag","embeddable":true,"href":"https:\/\/investbelohorizonte.com.br\/en\/wp-json\/wp\/v2\/tags?post=1021"}],"curies":[{"name":"wp","href":"https:\/\/api.w.org\/{rel}","templated":true}]}}