{"id":1029,"date":"2022-03-29T14:42:12","date_gmt":"2022-03-29T14:42:12","guid":{"rendered":"https:\/\/homolog.investbelohorizonte.com.br\/?p=1029"},"modified":"2022-03-29T14:42:12","modified_gmt":"2022-03-29T14:42:12","slug":"vendas-do-dia-das-maes-superam-expectativas-dos-comerciantes","status":"publish","type":"post","link":"https:\/\/investbelohorizonte.com.br\/en\/vendas-do-dia-das-maes-superam-expectativas-dos-comerciantes\/","title":{"rendered":"Vendas do Dia das M\u00e3es superam expectativas dos comerciantes"},"content":{"rendered":"<p><em>Data vendeu 35,9% a mais que ano passado.&nbsp;<\/em><\/p>\n\n\n\n<p><em>Abertura do com\u00e9rcio foi essencial para o resultado<\/em><\/p>\n\n\n\n<p><strong>Belo Horizonte, 17 de maio de 2021 \u2013<\/strong> As vendas do Dia das M\u00e3es foram positivas para o com\u00e9rcio da capital. De acordo com pesquisa realizada pela C\u00e2mara de Dirigentes Lojistas (CDL\/BH) no per\u00edodo de 10 a 13 de maio, com 181 comerciantes da capital&nbsp; mineira, houve um crescimento de 35,9% em compara\u00e7\u00e3o ao ano passado. Para 40,7% dos entrevistados, a data atendeu \u00e0s expectativas. O dado revela que o balan\u00e7o final de vendas superou at\u00e9 mesmo a expectativa apresentada na pesquisa de inten\u00e7\u00e3o de vendas, onde 63,2% acreditavam em uma queda.<\/p>\n\n\n\n<p>Para a maioria dos entrevistados (93,8%), o funcionamento do com\u00e9rcio foi o principal respons\u00e1vel por alavancar as vendas no per\u00edodo. As roupas, como indicado na pesquisa de inten\u00e7\u00e3o de compras, foi o principal presente (24,6%). Em seguida, aparecem cal\u00e7ados (15,6%) e utens\u00edlios dom\u00e9sticos (14%).<\/p>\n\n\n\n<p>Os empres\u00e1rios que participaram da entrevista afirmaram que as vendas para o Dia das M\u00e3es foram predominantemente por meio das lojas f\u00edsicas (87,3%). O principal meio de pagamento foi o cart\u00e3o de cr\u00e9dito (71,8%). Nessa fatia, 39,8% optaram por parcelar e 32% \u00e0 vista. A m\u00e9dia de parcelamentos foi de cinco vezes.<\/p>\n\n\n\n<p>\u201cAs vendas do Dia das M\u00e3es refletem diretamente a import\u00e2ncia do funcionamento do com\u00e9rcio. A realiza\u00e7\u00e3o das atividades \u00e9 essencial para que os comerciantes possam se manter ativos, amenizando os preju\u00edzos e gerando empregos\u201d, pontua o presidente da CDL\/BH, Marcelo de Souza e Silva.<\/p>","protected":false},"excerpt":{"rendered":"<p>Data vendeu 35,9% a mais que ano passado.&nbsp; Abertura do com\u00e9rcio foi essencial para o resultado Belo Horizonte, 17 de maio de 2021 \u2013 As vendas do Dia das M\u00e3es foram positivas para o com\u00e9rcio da capital. De acordo com pesquisa realizada pela C\u00e2mara de Dirigentes Lojistas (CDL\/BH) no per\u00edodo de 10 a 13 de [&hellip;]<\/p>","protected":false},"author":1,"featured_media":1008,"comment_status":"open","ping_status":"open","sticky":false,"template":"","format":"standard","meta":[],"categories":[7],"tags":[],"_links":{"self":[{"href":"https:\/\/investbelohorizonte.com.br\/en\/wp-json\/wp\/v2\/posts\/1029"}],"collection":[{"href":"https:\/\/investbelohorizonte.com.br\/en\/wp-json\/wp\/v2\/posts"}],"about":[{"href":"https:\/\/investbelohorizonte.com.br\/en\/wp-json\/wp\/v2\/types\/post"}],"author":[{"embeddable":true,"href":"https:\/\/investbelohorizonte.com.br\/en\/wp-json\/wp\/v2\/users\/1"}],"replies":[{"embeddable":true,"href":"https:\/\/investbelohorizonte.com.br\/en\/wp-json\/wp\/v2\/comments?post=1029"}],"version-history":[{"count":1,"href":"https:\/\/investbelohorizonte.com.br\/en\/wp-json\/wp\/v2\/posts\/1029\/revisions"}],"predecessor-version":[{"id":1030,"href":"https:\/\/investbelohorizonte.com.br\/en\/wp-json\/wp\/v2\/posts\/1029\/revisions\/1030"}],"wp:featuredmedia":[{"embeddable":true,"href":"https:\/\/investbelohorizonte.com.br\/en\/wp-json\/wp\/v2\/media\/1008"}],"wp:attachment":[{"href":"https:\/\/investbelohorizonte.com.br\/en\/wp-json\/wp\/v2\/media?parent=1029"}],"wp:term":[{"taxonomy":"category","embeddable":true,"href":"https:\/\/investbelohorizonte.com.br\/en\/wp-json\/wp\/v2\/categories?post=1029"},{"taxonomy":"post_tag","embeddable":true,"href":"https:\/\/investbelohorizonte.com.br\/en\/wp-json\/wp\/v2\/tags?post=1029"}],"curies":[{"name":"wp","href":"https:\/\/api.w.org\/{rel}","templated":true}]}}