{"id":1035,"date":"2022-03-29T14:44:16","date_gmt":"2022-03-29T14:44:16","guid":{"rendered":"https:\/\/homolog.investbelohorizonte.com.br\/?p=1035"},"modified":"2022-03-29T14:44:16","modified_gmt":"2022-03-29T14:44:16","slug":"cresce-confianca-do-varejo-de-bh","status":"publish","type":"post","link":"https:\/\/investbelohorizonte.com.br\/en\/cresce-confianca-do-varejo-de-bh\/","title":{"rendered":"Cresce confian\u00e7a do varejo de BH"},"content":{"rendered":"<p><em>Estudo da CDL\/BH mostra que o indicador passou de 40,1 pontos para 55,3 pontos no segundo trimestre. Comerciantes tamb\u00e9m est\u00e3o esperan\u00e7osos para este semestre. Regional Centro-Sul \u00e9 a mais otimista<\/em><\/p>\n\n\n\n<p><strong>Belo Horizonte, 10 de agosto de 2021 \u2013<\/strong> O indicador de confian\u00e7a do varejo da capital registrou 55,3 pontos no segundo trimestre deste ano, segundo levantamento recente da C\u00e2mara de Dirigentes Lojistas de Belo Horizonte (CDL\/BH).&nbsp; No primeiro trimestre de 2021, o indicador registrou 40,1 pontos.<\/p>\n\n\n\n<p>\u201cDentre os principais motivos para esse n\u00famero est\u00e3o o avan\u00e7o da vacina\u00e7\u00e3o, a redu\u00e7\u00e3o dos casos de \u00f3bitos na cidade e a flexibiliza\u00e7\u00e3o das medidas restritivas que v\u00eam possibilitando a abertura do varejo e, consequentemente, aumentando o otimismo dos empres\u00e1rios\u201d, destaca o presidente da CDL\/BH, Marcelo de Souza e Silva.<\/p>\n\n\n\n<p>Esse resultado \u00e9 fruto da combina\u00e7\u00e3o dos subindicadores de condi\u00e7\u00f5es atuais e de expectativa dos empres\u00e1rios. O levantamento mostra que os comerciantes est\u00e3o descrentes com o cen\u00e1rio atual (39,2 pontos). Contudo, mostram-se otimistas em rela\u00e7\u00e3o ao segundo semestre (67,4 pontos).<\/p>\n\n\n\n<p>O subindicador de condi\u00e7\u00f5es atuais apresentou uma evolu\u00e7\u00e3o de 23,6 pontos frente ao primeiro trimestre. J\u00e1 os subindicadores de economia brasileira e finan\u00e7as das empresas evolu\u00edram 27,8 e 19,3 pontos, respectivamente.<\/p>\n\n\n\n<p>Em rela\u00e7\u00e3o ao subindicador de expectativa, houve aumento do otimismo comparando-se o segundo com o primeiro trimestre do ano, com um incremento de nove pontos. Esta evolu\u00e7\u00e3o est\u00e1 ligada ao avan\u00e7o da campanha e imuniza\u00e7\u00e3o, que vem contribuindo para que os empres\u00e1rios fiquem mais esperan\u00e7osos com o desempenho da economia no segundo semestre.<\/p>\n\n\n\n<p>Ao analisar os componentes de expectativa, observa-se que houve uma evolu\u00e7\u00e3o mais intensa em rela\u00e7\u00e3o \u00e0 expectativa da economia brasileira para os pr\u00f3ximos seis meses, registrando 13,3 pontos. Em seguida as finan\u00e7as das empresas avan\u00e7aram 4,8 pontos em rela\u00e7\u00e3o ao primeiro trimestre do ano.<\/p>\n\n\n\n<p><strong>Indicador de confian\u00e7a por porte de empresa<\/strong><\/p>\n\n\n\n<p>Na abertura por porte, o levantamento da entidade mostra que todos est\u00e3o apresentando opini\u00f5es positivas. J\u00e1 as empresas de maior porte registram maior crescimento. Os neg\u00f3cios de m\u00e9dio e grande porte registraram 61,3 pontos, seguido dos de pequeno porte com 59,7. As microempresas apontaram um indicador de 55,1 pontos.<\/p>\n\n\n\n<p>Ao avaliar os subindicadores, o indicador de condi\u00e7\u00f5es atuais aponta opini\u00f5es positivas somente para as empresas de m\u00e9dio\/grande porte. Entende-se que esse otimismo pode ser atribu\u00eddo a uma combina\u00e7\u00e3o de poder gest\u00e3o de escalabilidade produtiva e de custos, em compara\u00e7\u00e3o aos demais. J\u00e1 as empresas de pequeno e micro porte apresentaram opini\u00f5es pessimistas, com 39,0 e 45,6 pontos, respectivamente.<\/p>\n\n\n\n<p>J\u00e1 no caso das expectativas para o segundo semestre, todos os portes registraram opini\u00f5es positivas: m\u00e9dio\/grande (66,7), pequeno porte (67,2) e microempresas (67,2). O estudo destaca que as empresas menores s\u00e3o consideradas term\u00f4metro da economia, pois, nelas as mudan\u00e7as s\u00e3o sentidas primeiro e s\u00f3 posteriormente migram para as demais.<\/p>\n\n\n\n<p><strong>Indicador por regional<\/strong><\/p>\n\n\n\n<p>Na avalia\u00e7\u00e3o do indicador de confian\u00e7a por regional, o levantamento da entidade mostra que oito das nove regionais da cidade est\u00e3o com sentimento positivo. Destaque para a Centro-Sul, que apresenta pontua\u00e7\u00e3o de 61,9. Em contrapartida, a regional mais pessimista em rela\u00e7\u00e3o ao varejo \u00e9 a Oeste, com 45,7 pontos.<\/p>\n\n\n\n<p>A an\u00e1lise aponta ainda que os subindicadores de condi\u00e7\u00f5es atuais e de expectativas apresentam opini\u00f5es distintas. A regional Centro-Sul foi a \u00fanica que apresentou avalia\u00e7\u00e3o positiva com as condi\u00e7\u00f5es atuais (51,5 pontos). Neste recorte, a Oeste \u00e9 novamente a mais pessimista, com 22,7 pontos.<\/p>\n\n\n\n<p>J\u00e1 na avalia\u00e7\u00e3o do subindicador de expectativa para o segundo semestre, todas as nove regionais da capital apresentaram avalia\u00e7\u00f5es mais positivas para os pr\u00f3ximos seis meses. O indicador variou entre 62,0 e 72,7 pontos.<\/p>\n\n\n\n<p><strong>Sobre o Indicador de Confian\u00e7a do Varejo<\/strong><\/p>\n\n\n\n<p>O indicador de confian\u00e7a do varejo \u00e9 calculado pelos subindicadores de condi\u00e7\u00f5es atuais e de expectativa que, por sua vez, s\u00e3o derivados dos componentes de condi\u00e7\u00e3o da economia brasileira e finan\u00e7as das empresas. Os componentes de condi\u00e7\u00f5es atuais abordam a percep\u00e7\u00e3o dos \u00faltimos seis meses e os componentes de expectativa retratam a perspectiva para o pr\u00f3ximo semestre.<\/p>\n\n\n\n<p>O indicador de Confian\u00e7a do Varejo da C\u00e2mara dos Dirigentes Lojistas de Belo Horizonte (CDL\/BH) varia de 0 a 100, sendo de 50,01 a 100 opini\u00f5es positivas, 50 indica neutralidade e pontua\u00e7\u00e3o inferior a 50 indica opini\u00f5es negativas.<\/p>\n\n\n\n<p>A pesquisa abrange todas as nove regionais da capital mineira e considera empresas de todos os portes que atuam no varejo. O porte foi estabelecido pelo crit\u00e9rio Anual do Trabalho Sebrae\/Dieese que leva em considera\u00e7\u00e3o o n\u00famero de funcion\u00e1rios, sendo que at\u00e9 nove funcion\u00e1rios s\u00e3o microempresas, pequenas empresas entre 10 a 49 funcion\u00e1rios e m\u00e9dia e grandes empresas com mais de 50 empregados.<\/p>","protected":false},"excerpt":{"rendered":"<p>Estudo da CDL\/BH mostra que o indicador passou de 40,1 pontos para 55,3 pontos no segundo trimestre. Comerciantes tamb\u00e9m est\u00e3o esperan\u00e7osos para este semestre. Regional Centro-Sul \u00e9 a mais otimista Belo Horizonte, 10 de agosto de 2021 \u2013 O indicador de confian\u00e7a do varejo da capital registrou 55,3 pontos no segundo trimestre deste ano, segundo [&hellip;]<\/p>","protected":false},"author":1,"featured_media":1011,"comment_status":"open","ping_status":"open","sticky":false,"template":"","format":"standard","meta":[],"categories":[7],"tags":[],"_links":{"self":[{"href":"https:\/\/investbelohorizonte.com.br\/en\/wp-json\/wp\/v2\/posts\/1035"}],"collection":[{"href":"https:\/\/investbelohorizonte.com.br\/en\/wp-json\/wp\/v2\/posts"}],"about":[{"href":"https:\/\/investbelohorizonte.com.br\/en\/wp-json\/wp\/v2\/types\/post"}],"author":[{"embeddable":true,"href":"https:\/\/investbelohorizonte.com.br\/en\/wp-json\/wp\/v2\/users\/1"}],"replies":[{"embeddable":true,"href":"https:\/\/investbelohorizonte.com.br\/en\/wp-json\/wp\/v2\/comments?post=1035"}],"version-history":[{"count":1,"href":"https:\/\/investbelohorizonte.com.br\/en\/wp-json\/wp\/v2\/posts\/1035\/revisions"}],"predecessor-version":[{"id":1036,"href":"https:\/\/investbelohorizonte.com.br\/en\/wp-json\/wp\/v2\/posts\/1035\/revisions\/1036"}],"wp:featuredmedia":[{"embeddable":true,"href":"https:\/\/investbelohorizonte.com.br\/en\/wp-json\/wp\/v2\/media\/1011"}],"wp:attachment":[{"href":"https:\/\/investbelohorizonte.com.br\/en\/wp-json\/wp\/v2\/media?parent=1035"}],"wp:term":[{"taxonomy":"category","embeddable":true,"href":"https:\/\/investbelohorizonte.com.br\/en\/wp-json\/wp\/v2\/categories?post=1035"},{"taxonomy":"post_tag","embeddable":true,"href":"https:\/\/investbelohorizonte.com.br\/en\/wp-json\/wp\/v2\/tags?post=1035"}],"curies":[{"name":"wp","href":"https:\/\/api.w.org\/{rel}","templated":true}]}}