{"id":1168,"date":"2022-09-28T18:29:37","date_gmt":"2022-09-28T18:29:37","guid":{"rendered":"https:\/\/investbelohorizonte.com.br\/?p=1168"},"modified":"2022-09-28T18:35:10","modified_gmt":"2022-09-28T18:35:10","slug":"a-invest-bh","status":"publish","type":"post","link":"https:\/\/investbelohorizonte.com.br\/en\/a-invest-bh\/","title":{"rendered":"Reuni\u00e3o para apresentar a Invest BH"},"content":{"rendered":"<p>A Invest BH, ag\u00eancia privada do Terceiro Setor voltada para promo\u00e7\u00e3o de investimentos e diversifica\u00e7\u00e3o produtiva na capital e na regi\u00e3o metropolitana, realizou sua primeira reuni\u00e3o com empres\u00e1rios e executivos de diferentes segmentos.<\/p>\n\n\n\n<p>O objetivo da reuni\u00e3o foi apresentar os detalhes da ag\u00eancia, a estrutura de governan\u00e7a e como ela ir\u00e1 atuar utilizando a metodologia do Banco Mundial e do MIT (Instituto de Metodologia de Massachusetts) contribuindo para a diversifica\u00e7\u00e3o, a sofistica\u00e7\u00e3o e a melhoria do ambiente de neg\u00f3cios em Belo Horizonte.<\/p>\n\n\n\n<p>Al\u00e9m disso, os participantes puderam conhecer em primeira m\u00e3o os detalhes da metodologia que tem como foco 5 \u00e1reas de atua\u00e7\u00e3o:<\/p>\n\n\n\n<ul><li>Intelig\u00eancia de Investimentos<\/li><li>Facilita\u00e7\u00e3o de Investimentos<\/li><li>Defesa de Causa (Policy Advocacy)<\/li><li>Inova\u00e7\u00e3o<\/li><li>Promo\u00e7\u00e3o do Territ\u00f3rio.<\/li><\/ul>\n\n\n\n<p>A reuni\u00e3o foi realizada nesta quinta-feira, 22\/09, na sede da CDL\/BH. O Presidente da Entidade, Marcelo de Souza e Silva, juntamente com a equipe da TSX, empresa respons\u00e1vel pela cria\u00e7\u00e3o da ag\u00eancia, conduziram o encontro, que contou com a presen\u00e7a dos empres\u00e1rios Rafael Andrade, Membro do Conselho da Andrade Gutierrez, Paulo Monteiro, Chief Risk Officer da AGpar (Andrade Gutierrez Participa\u00e7\u00f5es). Al\u00e9m do CEO da Bravo Motors, Eduardo Munhoz, a Executiva de Neg\u00f3cios e Parcerias da Fundep, Janayna Bhering Cardoso e o Diretor executivo da TOTVS, Gerson Melo.<\/p>","protected":false},"excerpt":{"rendered":"<p>A Invest BH, ag\u00eancia privada do Terceiro Setor voltada para promo\u00e7\u00e3o de investimentos e diversifica\u00e7\u00e3o produtiva na capital e na regi\u00e3o metropolitana, realizou sua primeira reuni\u00e3o com empres\u00e1rios e executivos de diferentes segmentos. O objetivo da reuni\u00e3o foi apresentar os detalhes da ag\u00eancia, a estrutura de governan\u00e7a e como ela ir\u00e1 atuar utilizando a metodologia [&hellip;]<\/p>","protected":false},"author":3,"featured_media":1171,"comment_status":"open","ping_status":"open","sticky":false,"template":"","format":"standard","meta":[],"categories":[7],"tags":[],"_links":{"self":[{"href":"https:\/\/investbelohorizonte.com.br\/en\/wp-json\/wp\/v2\/posts\/1168"}],"collection":[{"href":"https:\/\/investbelohorizonte.com.br\/en\/wp-json\/wp\/v2\/posts"}],"about":[{"href":"https:\/\/investbelohorizonte.com.br\/en\/wp-json\/wp\/v2\/types\/post"}],"author":[{"embeddable":true,"href":"https:\/\/investbelohorizonte.com.br\/en\/wp-json\/wp\/v2\/users\/3"}],"replies":[{"embeddable":true,"href":"https:\/\/investbelohorizonte.com.br\/en\/wp-json\/wp\/v2\/comments?post=1168"}],"version-history":[{"count":3,"href":"https:\/\/investbelohorizonte.com.br\/en\/wp-json\/wp\/v2\/posts\/1168\/revisions"}],"predecessor-version":[{"id":1173,"href":"https:\/\/investbelohorizonte.com.br\/en\/wp-json\/wp\/v2\/posts\/1168\/revisions\/1173"}],"wp:featuredmedia":[{"embeddable":true,"href":"https:\/\/investbelohorizonte.com.br\/en\/wp-json\/wp\/v2\/media\/1171"}],"wp:attachment":[{"href":"https:\/\/investbelohorizonte.com.br\/en\/wp-json\/wp\/v2\/media?parent=1168"}],"wp:term":[{"taxonomy":"category","embeddable":true,"href":"https:\/\/investbelohorizonte.com.br\/en\/wp-json\/wp\/v2\/categories?post=1168"},{"taxonomy":"post_tag","embeddable":true,"href":"https:\/\/investbelohorizonte.com.br\/en\/wp-json\/wp\/v2\/tags?post=1168"}],"curies":[{"name":"wp","href":"https:\/\/api.w.org\/{rel}","templated":true}]}}