{"id":1371,"date":"2025-07-17T21:26:49","date_gmt":"2025-07-17T21:26:49","guid":{"rendered":"https:\/\/investbelohorizonte.com.br\/?p=1371"},"modified":"2025-07-17T21:29:51","modified_gmt":"2025-07-17T21:29:51","slug":"belo-horizonte-lidera-geracao-de-empregos-no-sudeste-e-reforca-ambiente-favoravel-a-investimentos","status":"publish","type":"post","link":"https:\/\/investbelohorizonte.com.br\/en\/belo-horizonte-lidera-geracao-de-empregos-no-sudeste-e-reforca-ambiente-favoravel-a-investimentos\/","title":{"rendered":"Belo Horizonte lidera gera\u00e7\u00e3o de empregos no Sudeste e refor\u00e7a ambiente favor\u00e1vel a investimentos"},"content":{"rendered":"<p>A cidade de Belo Horizonte encerrou o m\u00eas de maio de 2025 com o melhor desempenho entre as capitais do Sudeste na gera\u00e7\u00e3o de empregos formais. Os dados do Cadastro Geral de Empregados e Desempregados (CAGED), divulgados pela Prefeitura de Belo Horizonte, revelam um saldo positivo de 2.210 vagas com carteira assinada, um crescimento de 4,59% em compara\u00e7\u00e3o com o mesmo per\u00edodo do ano anterior.&nbsp;&nbsp;<\/p>\n\n\n\n<p>O resultado coloca a capital mineira \u00e0 frente de S\u00e3o Paulo, Rio de Janeiro e Vit\u00f3ria, que registraram quedas significativas no mesmo intervalo, e refor\u00e7a o avan\u00e7o consistente do mercado formal local, mesmo diante de um cen\u00e1rio macroecon\u00f4mico desafiador em outras regi\u00f5es do pa\u00eds.&nbsp;<\/p>\n\n\n\n<p>Esse desempenho expressivo \u00e9 resultado da atua\u00e7\u00e3o estrat\u00e9gica da Invest BH, ag\u00eancia municipal respons\u00e1vel pela promo\u00e7\u00e3o de investimentos e apoio ao desenvolvimento econ\u00f4mico da cidade. Seu trabalho se integra \u00e0 atua\u00e7\u00e3o estadual da Invest Minas, ag\u00eancia vinculada \u00e0 Secretaria de Estado de Desenvolvimento Econ\u00f4mico (SEDE-MG), que lidera a pol\u00edtica de atra\u00e7\u00e3o de investimentos e promo\u00e7\u00e3o das exporta\u00e7\u00f5es em Minas Gerais. Com uma abordagem estruturada e orientada por intelig\u00eancia territorial, as ag\u00eancias atuam na prospec\u00e7\u00e3o ativa de investidores, na promo\u00e7\u00e3o internacional de Minas e Belo Horizonte como destinos estrat\u00e9gicos e no acompanhamento de projetos at\u00e9 sua efetiva implanta\u00e7\u00e3o.\u00a0<\/p>\n\n\n\n<p>A combina\u00e7\u00e3o entre intelig\u00eancia p\u00fablica, capacidade t\u00e9cnica e a\u00e7\u00e3o coordenada entre atores locais tem sido determinante para a retomada da confian\u00e7a empresarial e a expans\u00e3o de investimentos em Belo Horizonte.&nbsp;&nbsp;&nbsp;<\/p>\n\n\n\n<p>De acordo com Adriano Faria, secret\u00e1rio municipal de Desenvolvimento Econ\u00f4mico da capital mineira, \u201cO destaque entre as capitais do Sudeste traduz as pol\u00edticas p\u00fablicas da Prefeitura de Belo Horizonte para que a economia continue a crescer em um c\u00edrculo virtuoso, onde ganha o empreendedor e as pessoas que est\u00e3o em busca de emprego. O crescimento dos empregos formais traz confian\u00e7a para que mais empresas e investidores se sintam atra\u00eddos a virem para BH. Mostra que o desenvolvimento e a economia da cidade continuam a se fortalecer, o que gera mais empregos, progresso econ\u00f4mico e instala\u00e7\u00e3o de novos empreendimentos\u201d.&nbsp;<\/p>\n\n\n\n<p>O desempenho apresentado em maio soma-se a outros indicadores positivos que colocam Belo Horizonte em um novo patamar no cen\u00e1rio nacional. Mais do que um dado isolado, o saldo positivo de empregos em Belo Horizonte representa o amadurecimento de uma pol\u00edtica de desenvolvimento econ\u00f4mico que alia planejamento, intelig\u00eancia territorial, conhecimentos t\u00e9cnicos e vis\u00e3o de longo prazo. A atua\u00e7\u00e3o integrada entre as ag\u00eancias reafirma o compromisso com o crescimento sustent\u00e1vel e a gera\u00e7\u00e3o de oportunidades concretas para a popula\u00e7\u00e3o e o setor produtivo.&nbsp;<\/p>","protected":false},"excerpt":{"rendered":"<p>Desempenho positivo da capital mineira reflete pol\u00edticas p\u00fablicas eficientes e consolida atratividade do territ\u00f3rio para investidores nacionais e internacionais<\/p>","protected":false},"author":2,"featured_media":1374,"comment_status":"open","ping_status":"open","sticky":false,"template":"","format":"standard","meta":[],"categories":[7],"tags":[18,19],"_links":{"self":[{"href":"https:\/\/investbelohorizonte.com.br\/en\/wp-json\/wp\/v2\/posts\/1371"}],"collection":[{"href":"https:\/\/investbelohorizonte.com.br\/en\/wp-json\/wp\/v2\/posts"}],"about":[{"href":"https:\/\/investbelohorizonte.com.br\/en\/wp-json\/wp\/v2\/types\/post"}],"author":[{"embeddable":true,"href":"https:\/\/investbelohorizonte.com.br\/en\/wp-json\/wp\/v2\/users\/2"}],"replies":[{"embeddable":true,"href":"https:\/\/investbelohorizonte.com.br\/en\/wp-json\/wp\/v2\/comments?post=1371"}],"version-history":[{"count":2,"href":"https:\/\/investbelohorizonte.com.br\/en\/wp-json\/wp\/v2\/posts\/1371\/revisions"}],"predecessor-version":[{"id":1375,"href":"https:\/\/investbelohorizonte.com.br\/en\/wp-json\/wp\/v2\/posts\/1371\/revisions\/1375"}],"wp:featuredmedia":[{"embeddable":true,"href":"https:\/\/investbelohorizonte.com.br\/en\/wp-json\/wp\/v2\/media\/1374"}],"wp:attachment":[{"href":"https:\/\/investbelohorizonte.com.br\/en\/wp-json\/wp\/v2\/media?parent=1371"}],"wp:term":[{"taxonomy":"category","embeddable":true,"href":"https:\/\/investbelohorizonte.com.br\/en\/wp-json\/wp\/v2\/categories?post=1371"},{"taxonomy":"post_tag","embeddable":true,"href":"https:\/\/investbelohorizonte.com.br\/en\/wp-json\/wp\/v2\/tags?post=1371"}],"curies":[{"name":"wp","href":"https:\/\/api.w.org\/{rel}","templated":true}]}}